{"id":1812,"date":"2025-06-30T15:19:41","date_gmt":"2025-06-30T15:19:41","guid":{"rendered":"https:\/\/rentcartirana.com\/2025\/06\/30\/udhezues-per-trafikun-ne-tirane-si-te-vozisni-lehtesisht-me-rent-car-tirana\/"},"modified":"2026-04-08T09:24:44","modified_gmt":"2026-04-08T09:24:44","slug":"trafiku-ne-tirane-behet-i-thjeshte","status":"publish","type":"post","link":"https:\/\/rentcartirana.com\/sq\/trafiku-ne-tirane-behet-i-thjeshte\/","title":{"rendered":"Trafiku n\u00eb Tiran\u00eb \u2014 Harta Live &#038; Or\u00ebt e Pikut (2026)"},"content":{"rendered":"\n<p><strong>TL;DR:<\/strong> Trafiku n\u00eb Tiran\u00eb \u00ebsht\u00eb m\u00eb i r\u00ebnduar nga ora 07:30\u201309:00 n\u00eb m\u00ebngjes dhe 16:30\u201318:30 pasdite, sidomos te rrethrrotullimi i Zogut t\u00eb Zi, Rruga e Kavaj\u00ebs dhe Unaza e Madhe. Kontrollo hart\u00ebn live m\u00eb posht\u00eb para se t\u00eb nisesh, shmang or\u00ebt e pikut kur mundesh, dhe p\u00ebrdor Google Maps ose Waze p\u00ebr navigim \u2014 t\u00eb dyja funksionojn\u00eb mir\u00eb n\u00eb Shqip\u00ebri.<\/p>\n\n\n\n<hr class=\"wp-block-separator has-alpha-channel-opacity\"\/>\n\n\n\n<h2 class=\"wp-block-heading\">Harta Live e Trafikut n\u00eb Tiran\u00eb<\/h2>\n\n\n\n<div id=\"traffic-map\" style=\"width:100%; height:450px; border-radius:8px;\"><\/div>\n<style>\n@media (max-width: 768px) {\n  #traffic-map {\n    height: 300px !important;\n    border-radius: 4px !important;\n  }\n}\n<\/style>\n<script>\nfunction initMap() {\n  var tirana = {lat: 41.3275, lng: 19.8189};\n  var map = new google.maps.Map(document.getElementById('traffic-map'), {\n    zoom: 13,\n    center: tirana,\n    gestureHandling: 'cooperative'\n  });\n  var trafficLayer = new google.maps.TrafficLayer();\n  trafficLayer.setMap(map);\n}\n<\/script>\n<script src=\"https:\/\/maps.googleapis.com\/maps\/api\/js?key=AIzaSyBhTabPrQ4q96xJctTb6pE7D4R570LlPBw&callback=initMap\" async defer><\/script>\n\n\n\n<p>Harta m\u00eb sip\u00ebr tregon gjendjen e trafikut n\u00eb koh\u00eb reale n\u00eb Tiran\u00eb. E kuqja do t\u00eb thot\u00eb trafik i r\u00ebnduar, portokalli i mes\u00ebm, dhe jeshilja rrjedhje e lir\u00eb. Kontrollo hart\u00ebn para se t\u00eb dal\u00ebsh, sidomos gjat\u00eb m\u00ebngjeseve dhe pasdite von\u00eb t\u00eb dit\u00ebve t\u00eb jav\u00ebs.<\/p>\n\n\n\n<p>Mund ta hap\u00ebsh drejtp\u00ebrdrejt edhe n\u00eb <a href=\"https:\/\/www.google.com\/maps\/@41.3275,19.8189,13z\/data=!5m1!1e1\" rel=\"noopener\">Google Maps<\/a> ose <a href=\"https:\/\/www.waze.com\/live-map\" rel=\"noopener\">Waze<\/a> p\u00ebr navigim me udh\u00ebzime.<\/p>\n\n\n\n<hr class=\"wp-block-separator has-alpha-channel-opacity\"\/>\n\n\n\n<h2 class=\"wp-block-heading\">Or\u00ebt e Pikut: Kur t\u00eb Shmang\u00ebsh Drejtimin n\u00eb Tiran\u00eb<\/h2>\n\n\n\n<p>Trafiku n\u00eb Tiran\u00eb ndjek nj\u00eb model t\u00eb parashikuesh\u00ebm gjat\u00eb dit\u00ebve t\u00eb jav\u00ebs:<\/p>\n\n\n\n<ul class=\"wp-block-list\">\n<li><strong>Piku i m\u00ebngjesit:<\/strong> 07:30 \u2013 09:00. \u00c7arja e f\u00ebmij\u00ebve n\u00eb shkoll\u00eb dhe punonj\u00ebsit q\u00eb shkojn\u00eb drejt qendr\u00ebs krijojn\u00eb vonesa t\u00eb m\u00ebdha, sidomos p\u00ebrgjat\u00eb Rrug\u00ebs s\u00eb Elbasanit dhe Rrug\u00ebs s\u00eb Kavaj\u00ebs.<\/li>\n\n\n\n<li><strong>Piku i pasdites:<\/strong> 16:30 \u2013 18:30. Fluksi i daljes nga qyteti bllokon Unaz\u00ebn e Madhe dhe daljet drejt Durr\u00ebsit e Kamz\u00ebs.<\/li>\n\n\n\n<li><strong>Mesdit\u00eb (11:00 \u2013 15:00):<\/strong> Zakonisht dritarja m\u00eb e mir\u00eb p\u00ebr t\u00eb l\u00ebvizur n\u00ebp\u00ebr qytet.<\/li>\n\n\n\n<li><strong>Fundjav\u00ebt:<\/strong> Trafik duksh\u00ebm m\u00eb i leht\u00eb. T\u00eb shtun\u00ebn n\u00eb m\u00ebngjes mund t\u00eb ket\u00eb pak ngarkes\u00eb pran\u00eb Pazarit t\u00eb Ri dhe zonave tregtare, por n\u00eb p\u00ebrgjith\u00ebsi \u00ebsht\u00eb i menaxhuesh\u00ebm.<\/li>\n<\/ul>\n\n\n\n<p>Rrug\u00ebt q\u00eb blllokohen m\u00eb shpesh gjat\u00eb or\u00ebve t\u00eb pikut:<\/p>\n\n\n\n<ul class=\"wp-block-list\">\n<li><strong>Rrethrrotullimi i Zogut t\u00eb Zi<\/strong> \u2014 nyja m\u00eb problematike, ku Rruga e Durr\u00ebsit takon Unaz\u00ebn<\/li>\n\n\n\n<li><strong>Rruga e Kavaj\u00ebs &amp; Myslym Shyri<\/strong> \u2014 rrug\u00eb tregtare t\u00eb frekuentuara<\/li>\n\n\n\n<li><strong>Bulevardi Bajram Curri<\/strong> \u2014 arterie qendrore gjithmon\u00eb e ngarkuar<\/li>\n\n\n\n<li><strong>Rruga e Elbasanit<\/strong> \u2014 sidomos n\u00eb m\u00ebngjes drejt qendr\u00ebs<\/li>\n\n\n\n<li><strong>Rruga e Aeroportit<\/strong> \u2014 problematike kur p\u00ebrkon me or\u00ebt e pikut<\/li>\n<\/ul>\n\n\n\n<h2 class=\"wp-block-heading\">Rregullat e Rrug\u00ebs &amp; Kufijt\u00eb e Shpejt\u00ebsis\u00eb<\/h2>\n\n\n\n<p>Disa gj\u00ebra q\u00eb duhet t'i dish para se t\u00eb marr\u00ebsh timonin n\u00eb Tiran\u00eb:<\/p>\n\n\n\n<p><strong>Kufijt\u00eb e shpejt\u00ebsis\u00eb n\u00eb Shqip\u00ebri:<\/strong><\/p>\n\n\n\n<ul class=\"wp-block-list\">\n<li>N\u00eb qytet: 40 km\/h (disa rrug\u00eb pran\u00eb shkollave 30 km\/h)<\/li>\n\n\n\n<li>Jasht\u00eb qytetit: 80 km\/h<\/li>\n\n\n\n<li>Autostrad\u00eb: 110 km\/h<\/li>\n<\/ul>\n\n\n\n<p><strong>Rrethrrotullimet:<\/strong> Automjetet q\u00eb jan\u00eb brenda rrethrrotullimit kan\u00eb p\u00ebrpar\u00ebsi. Sinjalizoni para se t\u00eb dilni, mos u ndaloni n\u00eb mes \u2014 kjo krijon m\u00eb shum\u00eb probleme se sa t\u00eb hyni me vendosm\u00ebri. Rrethrrotullimi i Zogut t\u00eb Zi \u00ebsht\u00eb m\u00eb kaotiku, sidomos gjat\u00eb or\u00ebve t\u00eb pikut.<\/p>\n\n\n\n<p><strong>Rregulla t\u00eb tjera:<\/strong><\/p>\n\n\n\n<ul class=\"wp-block-list\">\n<li>Drejtimi \u00ebsht\u00eb nga ana e djatht\u00eb e rrug\u00ebs.<\/li>\n\n\n\n<li>Rripat e sigurimit jan\u00eb t\u00eb detyrueshme p\u00ebr t\u00eb gjith\u00eb pasagjer\u00ebt (p\u00ebrpara dhe prapa).<\/li>\n\n\n\n<li>F\u00ebmij\u00ebt n\u00ebn 12 vje\u00e7 duhet t\u00eb udh\u00ebtojn\u00eb n\u00eb ndenj\u00ebsen e pasme.<\/li>\n\n\n\n<li>Dritat duhet t\u00eb jen\u00eb t\u00eb ndezura kur dukshm\u00ebria \u00ebsht\u00eb e reduktuar.<\/li>\n\n\n\n<li>Kufiri i alkoolit n\u00eb gjak \u00ebsht\u00eb 0.01% \u2014 praktikisht zero toleranc\u00eb. Mos drejtoni makin\u00ebn n\u00ebse keni pir\u00eb.<\/li>\n\n\n\n<li>Kontrollet policore jan\u00eb t\u00eb zakonshme n\u00eb rrug\u00ebt kryesore jasht\u00eb Tiran\u00ebs. Mbani gjithmon\u00eb me vete patent\u00ebn, pasaport\u00ebn dhe kontrat\u00ebn e qiras\u00eb.<\/li>\n<\/ul>\n\n\n\n<h2 class=\"wp-block-heading\">Ku t\u00eb Parkosh n\u00eb Tiran\u00eb<\/h2>\n\n\n\n<p>Parkimi n\u00eb qend\u00ebr t\u00eb Tiran\u00ebs kushton 100\u2013200 LEK n\u00eb or\u00eb (rreth 1\u20132\u20ac). Shumica e rrug\u00ebve qendrore p\u00ebrdorin sistemin e pages\u00ebs me SMS \u2014 tabelat tregojn\u00eb numrin ku duhet t\u00eb d\u00ebrgosh mesazh p\u00ebr zon\u00ebn p\u00ebrkat\u00ebse.<\/p>\n\n\n\n<p><strong>Zonat kryesore t\u00eb parkimit:<\/strong><\/p>\n\n\n\n<ul class=\"wp-block-list\">\n<li><strong>Blloku:<\/strong> I ngarkuar dhe konkurrues. K\u00ebrko vende p\u00ebrgjat\u00eb rrug\u00ebve an\u00ebsore t\u00eb Rrug\u00ebs Ismail Qemali.<\/li>\n\n\n\n<li><strong>Pran\u00eb Sheshit Sk\u00ebnderbej:<\/strong> Parkim i kufizuar n\u00eb rrug\u00eb. Parkingu n\u00ebntok\u00ebsor i Hotel Tirana International \u00ebsht\u00eb nj\u00eb zgjidhje e sigurt.<\/li>\n\n\n\n<li><strong>Pazari i Ri:<\/strong> Parkim rruge n\u00eb rrug\u00ebt p\u00ebrreth, por mbushet shpejt gjat\u00eb fundjav\u00ebve.<\/li>\n<\/ul>\n\n\n\n<p>N\u00ebse do t\u00eb planifikosh p\u00ebrpara, shiko <a href=\"https:\/\/rentcartirana.com\/sq\/rent-a-car-tirana-harta-parkimeve\/\">hart\u00ebn ton\u00eb t\u00eb parkimeve n\u00eb Tiran\u00eb dhe qytete t\u00eb tjera<\/a> ku kemi sh\u00ebnuar vendet kryesore.<\/p>\n\n\n\n<p><strong>K\u00ebshill\u00eb:<\/strong> N\u00ebse q\u00ebndroni n\u00eb qend\u00ebr t\u00eb Tiran\u00ebs, pyesni hotelin tuaj p\u00ebr parkimin para se t\u00eb arrini. Shum\u00eb hotele dhe bujtina kan\u00eb vende private ose marr\u00ebveshje me parkingje pran\u00eb.<\/p>\n\n\n\n<h2 class=\"wp-block-heading\">Drejtimi Jasht\u00eb Tiran\u00ebs<\/h2>\n\n\n\n<p>Trafiku n\u00eb Tiran\u00eb \u00ebsht\u00eb pjesa m\u00eb e v\u00ebshtir\u00eb e drejtimit n\u00eb Shqip\u00ebri. Sapo t\u00eb dal\u00ebsh nga qyteti, rrug\u00ebt hapin dhe peizazhi b\u00ebhet spektakolar.<\/p>\n\n\n\n<p>Rruga m\u00eb e leht\u00eb p\u00ebr t\u00eb dal\u00eb \u00ebsht\u00eb autostrada A2 drejt Durr\u00ebsit \u2014 38 km rrug\u00eb e mir\u00eb q\u00eb zgjat rreth 30 minuta. Prej andej mund t\u00eb vazhdosh drejt jugut p\u00ebrgjat\u00eb bregdetit ose drejt Vlor\u00ebs.<\/p>\n\n\n\n<p>N\u00ebse shkoni drejt lindjes, <a href=\"https:\/\/rentcartirana.com\/tirana-to-korca-road-trip\/\">rruga nga Tirana n\u00eb Kor\u00e7\u00eb<\/a> kalon n\u00ebp\u00ebr Elbasan dhe qafat malore \u2014 rreth 3 or\u00eb udh\u00ebtim dhe nj\u00eb nga itineraret m\u00eb t\u00eb bukura q\u00eb mund t\u00eb b\u00ebsh n\u00eb Shqip\u00ebri. P\u00ebr nj\u00eb dit\u00eb t\u00eb vetme, <a href=\"https:\/\/rentcartirana.com\/how-do-i-get-to-shala-river-from-tirana\/\">Lumi i Shal\u00ebs<\/a> ia vlen \u2014 rrug\u00eb malore n\u00ebp\u00ebr Shkod\u00ebr me pamje q\u00eb nuk i harron leht\u00eb.<\/p>\n\n\n\n<p>Drejt jugut \u2014 Dh\u00ebrmi, Himar\u00eb, Sarand\u00eb \u2014 llogarisni 4\u20135 or\u00eb var\u00ebsisht rrug\u00ebs dhe stin\u00ebs. Kush udh\u00ebton jasht\u00eb ver\u00ebs mund t\u00eb lexoj\u00eb <a href=\"https:\/\/rentcartirana.com\/albania-winter-road-trip\/\">guid\u00ebn ton\u00eb p\u00ebr udh\u00ebtim dim\u00ebror<\/a> ku shpjegojm\u00eb \u00e7far\u00eb t\u00eb pres\u00ebsh n\u00eb rrug\u00ebt shqiptare kur b\u00ebn ftoht\u00eb.<\/p>\n\n\n\n<p>Transporti publik jasht\u00eb Tiran\u00ebs \u00ebsht\u00eb i kufizuar, k\u00ebshtu q\u00eb makina mbetet zgjidhja m\u00eb praktike. Ne ofrojm\u00eb marrje n\u00eb <a href=\"https:\/\/rentcartirana.com\/sq\/rezervo\/\">Aeroportin e Tiran\u00ebs dhe n\u00eb zyr\u00ebn ton\u00eb n\u00eb qytet<\/a> \u2014 pa depozit\u00eb.<\/p>\n\n\n\n<h2 class=\"wp-block-heading\">P\u00ebrfundime Kryesore<\/h2>\n\n\n\n<ul class=\"wp-block-list\">\n<li><strong>Kontrollo hart\u00ebn live t\u00eb trafikut<\/strong> para se t\u00eb nisesh \u2014 shmangi pikun e or\u00ebs 07:30\u201309:00 dhe 16:30\u201318:30 gjat\u00eb dit\u00ebve t\u00eb jav\u00ebs.<\/li>\n\n\n\n<li><strong>P\u00ebrdor Google Maps ose Waze<\/strong> \u2014 t\u00eb dyja ofrojn\u00eb navigim t\u00eb sakt\u00eb n\u00eb koh\u00eb reale n\u00eb Tiran\u00eb.<\/li>\n\n\n\n<li><strong>Rrethrrotullimet:<\/strong> Automjetet brenda kan\u00eb p\u00ebrpar\u00ebsi. Ji vendimtar, mos u ndalo n\u00eb mes.<\/li>\n\n\n\n<li><strong>Kufijt\u00eb e shpejt\u00ebsis\u00eb:<\/strong> 40 km\/h n\u00eb qytet, 80 km\/h jasht\u00eb, 110 km\/h n\u00eb autostrad\u00eb. Zero toleranc\u00eb p\u00ebr alkoolin.<\/li>\n\n\n\n<li><strong>Tirana \u00ebsht\u00eb pjesa e v\u00ebshtir\u00eb<\/strong> \u2014 jasht\u00eb qytetit, rrug\u00ebt shqiptare jan\u00eb piktoreske, t\u00eb lira nga trafiku, dhe ja vlejn\u00eb plot\u00ebsisht.<\/li>\n<\/ul>\n\n\n\n<p><\/p>\n","protected":false},"excerpt":{"rendered":"<p>TL;DR: Trafiku n\u00eb Tiran\u00eb \u00ebsht\u00eb m\u00eb i r\u00ebnduar nga ora 07:30\u201309:00 n\u00eb m\u00ebngjes dhe 16:30\u201318:30 pasdite, sidomos te rrethrrotullimi i Zogut t\u00eb Zi, Rruga e Kavaj\u00ebs dhe Unaza e Madhe. Kontrollo hart\u00ebn live m\u00eb posht\u00eb para se t\u00eb nisesh, shmang or\u00ebt e pikut kur mundesh, dhe p\u00ebrdor Google Maps ose Waze p\u00ebr navigim \u2014 t\u00eb [&hellip;]<\/p>\n","protected":false},"author":3,"featured_media":0,"comment_status":"closed","ping_status":"closed","sticky":false,"template":"","format":"standard","meta":{"footnotes":""},"categories":[11],"tags":[],"class_list":["post-1812","post","type-post","status-publish","format-standard","hentry","category-uncategorized-sq"],"_links":{"self":[{"href":"https:\/\/rentcartirana.com\/sq\/wp-json\/wp\/v2\/posts\/1812","targetHints":{"allow":["GET"]}}],"collection":[{"href":"https:\/\/rentcartirana.com\/sq\/wp-json\/wp\/v2\/posts"}],"about":[{"href":"https:\/\/rentcartirana.com\/sq\/wp-json\/wp\/v2\/types\/post"}],"author":[{"embeddable":true,"href":"https:\/\/rentcartirana.com\/sq\/wp-json\/wp\/v2\/users\/3"}],"replies":[{"embeddable":true,"href":"https:\/\/rentcartirana.com\/sq\/wp-json\/wp\/v2\/comments?post=1812"}],"version-history":[{"count":10,"href":"https:\/\/rentcartirana.com\/sq\/wp-json\/wp\/v2\/posts\/1812\/revisions"}],"predecessor-version":[{"id":3245,"href":"https:\/\/rentcartirana.com\/sq\/wp-json\/wp\/v2\/posts\/1812\/revisions\/3245"}],"wp:attachment":[{"href":"https:\/\/rentcartirana.com\/sq\/wp-json\/wp\/v2\/media?parent=1812"}],"wp:term":[{"taxonomy":"category","embeddable":true,"href":"https:\/\/rentcartirana.com\/sq\/wp-json\/wp\/v2\/categories?post=1812"},{"taxonomy":"post_tag","embeddable":true,"href":"https:\/\/rentcartirana.com\/sq\/wp-json\/wp\/v2\/tags?post=1812"}],"curies":[{"name":"wp","href":"https:\/\/api.w.org\/{rel}","templated":true}]}}