{"id":1816,"date":"2025-06-30T13:15:37","date_gmt":"2025-06-30T13:15:37","guid":{"rendered":"https:\/\/rentcartirana.com\/2025\/06\/30\/zbuloni-shqiperine-me-makina-me-qira-nga-rent-car-tirana-liria-e-udhetimit-me-cmime-te-arsyeshme\/"},"modified":"2026-01-21T08:38:11","modified_gmt":"2026-01-21T08:38:11","slug":"cmimet-per-makina-me-qira-shqiperi-2025","status":"publish","type":"post","link":"https:\/\/rentcartirana.com\/sq\/cmimet-per-makina-me-qira-shqiperi-2025\/","title":{"rendered":"\u00c7mimet p\u00ebr Makina me Qira n\u00eb Shqip\u00ebri \u2013 Udh\u00ebtoni lir\u00eb dhe me stil"},"content":{"rendered":"\n<p>N\u00ebse po planifikoni nj\u00eb udh\u00ebtim n\u00eb Shqip\u00ebri k\u00ebt\u00eb vit, nj\u00eb nga pyetjet m\u00eb t\u00eb zakonshme q\u00eb shfaqet \u00ebsht\u00eb: <strong>\u201cSa kushton makina me qira n\u00eb Shqip\u00ebri?\u201d<\/strong>. \u00c7mimet p\u00ebr makina me qira kan\u00eb ndryshuar ndjesh\u00ebm krahasuar me vitet e kaluara, fal\u00eb rritjes s\u00eb turizmit dhe ofertave m\u00eb fleksib\u00ebl q\u00eb ofrojn\u00eb kompanit\u00eb lokale si <strong>Rent Car Tirana<\/strong>. N\u00eb k\u00ebt\u00eb artikull, do t\u00eb shpjegojm\u00eb <strong>sa jan\u00eb \u00e7mimet mesatare p\u00ebr makina me qira<\/strong>, faktor\u00ebt q\u00eb ndikojn\u00eb n\u00eb to dhe si t\u00eb zgjidhni ofert\u00ebn m\u00eb t\u00eb mir\u00eb p\u00ebr udh\u00ebtimin tuaj n\u00eb \u00e7do stin\u00eb t\u00eb vitit.<\/p>\n\n\n\n<h3 class=\"wp-block-heading\">\u00c7mimet p\u00ebr makina me qira n\u00eb Shqip\u00ebri<\/h3>\n\n\n\n<p>N\u00eb vitin 2026, \u00e7mimet p\u00ebr makina me qira n\u00eb Shqip\u00ebri variojn\u00eb mesatarisht nga <strong>20 deri n\u00eb 70 euro n\u00eb dit\u00eb<\/strong>, n\u00eb var\u00ebsi t\u00eb llojit t\u00eb makin\u00ebs, sezonit dhe koh\u00ebzgjatjes s\u00eb qiras\u00eb.<\/p>\n\n\n\n<ul class=\"wp-block-list\">\n<li><strong>Makina ekonomike:<\/strong> 20\u201330 \u20ac \/ dit\u00eb \u2013 ideale p\u00ebr qytete si Tirana apo Durr\u00ebsi.<\/li>\n\n\n\n<li><strong>SUV ose 4x4:<\/strong> 40\u201360 \u20ac \/ dit\u00eb \u2013 perfekte p\u00ebr rrug\u00ebt malore ose udh\u00ebtime t\u00eb gjata.<\/li>\n\n\n\n<li><strong>Makina luksoze:<\/strong> 70 \u20ac e lart \/ dit\u00eb \u2013 p\u00ebr ata q\u00eb k\u00ebrkojn\u00eb rehati dhe stil.<\/li>\n<\/ul>\n\n\n\n<p>Gjat\u00eb muajve t\u00eb ver\u00ebs (qershor\u2013gusht), \u00e7mimet mund t\u00eb jen\u00eb m\u00eb t\u00eb larta p\u00ebr shkak t\u00eb k\u00ebrkes\u00ebs s\u00eb madhe, sidomos n\u00eb zonat turistike si Riviera Shqiptare. N\u00ebse udh\u00ebtoni jasht\u00eb sezonit, n\u00eb pranver\u00eb ose vjesht\u00eb, mund t\u00eb gjeni <strong>oferta shum\u00eb m\u00eb t\u00eb favorshme<\/strong>, me ulje deri n\u00eb 30%.<\/p>\n\n\n\n<h3 class=\"wp-block-heading\">Faktor\u00ebt q\u00eb ndikojn\u00eb n\u00eb \u00e7mimin e makin\u00ebs me qira<\/h3>\n\n\n\n<p>Disa faktor\u00eb kryesor\u00eb q\u00eb ndikojn\u00eb n\u00eb \u00e7mimin jan\u00eb:<\/p>\n\n\n\n<ol class=\"wp-block-list\">\n<li><strong>Koha e rezervimit<\/strong> \u2013 Sa m\u00eb her\u00ebt ta b\u00ebni rezervimin, aq m\u00eb lir\u00eb e siguroni makin\u00ebn.<\/li>\n\n\n\n<li><strong>Koh\u00ebzgjatja e qiras\u00eb<\/strong> \u2013 Qirat\u00eb afatgjata (7+ dit\u00eb) zakonisht kan\u00eb \u00e7mim ditor m\u00eb t\u00eb ul\u00ebt.<\/li>\n\n\n\n<li><strong>Lloji i makin\u00ebs<\/strong> \u2013 Modelet e reja ose SUV-t\u00eb jan\u00eb m\u00eb t\u00eb shtrenjta p\u00ebr shkak t\u00eb komoditetit dhe teknologjis\u00eb.<\/li>\n\n\n\n<li><strong>Lokacioni i marrjes dhe dor\u00ebzimit<\/strong> \u2013 Marrja n\u00eb aeroport shpesh ka tarif\u00eb shtes\u00eb.<\/li>\n\n\n\n<li><strong>Siguracioni dhe sh\u00ebrbimet shtes\u00eb<\/strong> \u2013 GPS, f\u00ebmij\u00eb ul\u00ebse, shofer shtes\u00eb ose dor\u00ebzim n\u00eb destinacione t\u00eb ndryshme mund t\u00eb rrisin \u00e7mimin p\u00ebrfundimtar.<\/li>\n<\/ol>\n\n\n\n<p>P\u00ebrve\u00e7 k\u00ebtyre, disa kompani ofrojn\u00eb <strong>paketa fleksib\u00ebl<\/strong> q\u00eb p\u00ebrfshijn\u00eb siguracion t\u00eb plot\u00eb ose kilometrazh t\u00eb pakufizuar, gj\u00eb q\u00eb \u00ebsht\u00eb shum\u00eb e vlefshme p\u00ebr udh\u00ebtime t\u00eb gjata n\u00ebp\u00ebr Shqip\u00ebri.<\/p>\n\n\n\n<h3 class=\"wp-block-heading\">Si t\u00eb kurseni para kur merrni makin\u00eb me qira n\u00eb Shqip\u00ebri<\/h3>\n\n\n\n<p>N\u00ebse d\u00ebshironi t\u00eb ulni kostot pa sakrifikuar cil\u00ebsin\u00eb, k\u00ebto jan\u00eb disa k\u00ebshilla praktike:<\/p>\n\n\n\n<ul class=\"wp-block-list\">\n<li><strong>Rezervoni online paraprakisht<\/strong> \u2013 platforma si Rent Car Tirana ofrojn\u00eb zbritje deri n\u00eb 20% p\u00ebr rezervime t\u00eb hershme.<\/li>\n\n\n\n<li><strong>Zgjidhni makina ekonomike<\/strong> \u2013 modelet e vogla si Toyota Yaris ose Fiat Panda jan\u00eb m\u00eb kursimtare n\u00eb karburant dhe m\u00eb t\u00eb lehta p\u00ebr t\u2019u parkuar n\u00eb qytet.<\/li>\n\n\n\n<li><strong>Shmangni marrjen n\u00eb dit\u00ebt e pikut<\/strong> \u2013 fundjavat dhe sezonet turistike kan\u00eb \u00e7mime m\u00eb t\u00eb larta.<\/li>\n\n\n\n<li><strong>Lexoni politikat e karburantit dhe siguracionit<\/strong> \u2013 p\u00ebr t\u00eb shmangur tarifa t\u00eb fshehura q\u00eb mund t\u00eb rrisin \u00e7mimin p\u00ebrfundimtar.<\/li>\n\n\n\n<li><strong>Krahasoni oferta nga kompani t\u00eb ndryshme<\/strong> \u2013 ndonj\u00ebher\u00eb nj\u00eb kompani lokale mund t\u00eb ket\u00eb \u00e7mime m\u00eb t\u00eb mira se markat nd\u00ebrkomb\u00ebtare.<\/li>\n<\/ul>\n\n\n\n<p>Nj\u00eb tjet\u00ebr m\u00ebnyr\u00eb e zgjuar p\u00ebr t\u00eb kursyer \u00ebsht\u00eb t\u00eb rezervoni p\u00ebrmes nj\u00eb <strong>kompanie lokale si Rent Car Tirana<\/strong>, e cila ofron fleksibilitet m\u00eb t\u00eb madh dhe sh\u00ebrbim personal t\u00eb p\u00ebrshtatur sipas nevojave tuaja.<\/p>\n\n\n\n<h3 class=\"wp-block-heading\">Destinacionet m\u00eb t\u00eb bukura p\u00ebr t\u00eb eksploruar me makin\u00eb n\u00eb Shqip\u00ebri<\/h3>\n\n\n\n<p>Shqip\u00ebria \u00ebsht\u00eb nj\u00eb nga vendet m\u00eb t\u00eb bukura p\u00ebr t\u2019u eksploruar me makin\u00eb. Kombinimi i maleve, detit dhe kultur\u00ebs ofron nj\u00eb p\u00ebrvoj\u00eb unike q\u00eb nuk duhet humbur.<\/p>\n\n\n\n<ul class=\"wp-block-list\">\n<li><strong>Riviera Shqiptare (Sarand\u00eb, Himar\u00eb, Dh\u00ebrmi)<\/strong> \u2013 rrug\u00eb panoramike me pamje mahnit\u00ebse t\u00eb detit Jon.<\/li>\n\n\n\n<li><strong>Berati dhe Gjirokastra<\/strong> \u2013 qytete historike t\u00eb mbrojtura nga UNESCO, ideale p\u00ebr dashamir\u00ebt e historis\u00eb.<\/li>\n\n\n\n<li><strong>Alpet Shqiptare (Theth, Valbon\u00eb)<\/strong> \u2013 peizazhe malore p\u00ebr aventurier\u00ebt q\u00eb duan natyr\u00eb t\u00eb paprekur.<\/li>\n\n\n\n<li><strong>Tirana dhe Shkodra<\/strong> \u2013 qytete plot kultur\u00eb, muze, restorante dhe jet\u00eb nate t\u00eb gjall\u00eb.<\/li>\n<\/ul>\n\n\n\n<p>Me nj\u00eb makin\u00eb me qira, ju mund t\u00eb ndaloni ku t\u00eb d\u00ebshironi, t\u00eb eksploroni fshatra autentik\u00eb dhe t\u00eb p\u00ebrjetoni lirin\u00eb e udh\u00ebtimit q\u00eb transporti publik nuk mund ta ofroj\u00eb.<\/p>\n\n\n\n<h3 class=\"wp-block-heading\">K\u00ebshilla shtes\u00eb p\u00ebr nj\u00eb p\u00ebrvoj\u00eb t\u00eb sigurt dhe komode<\/h3>\n\n\n\n<ul class=\"wp-block-list\">\n<li>Kontrolloni makin\u00ebn para se ta merrni \u2013 fotografoni \u00e7do d\u00ebmtim ekzistues.<\/li>\n\n\n\n<li>Mbani gjithmon\u00eb me vete dokumentet e qiras\u00eb dhe patent\u00ebn nd\u00ebrkomb\u00ebtare.<\/li>\n\n\n\n<li>Ndiqni rregullat e qarkullimit, ve\u00e7an\u00ebrisht n\u00eb zonat turistike ku trafiku mund t\u00eb jet\u00eb i dendur.<\/li>\n\n\n\n<li>Sigurohuni q\u00eb makina t\u00eb ket\u00eb goma rezerv\u00eb dhe pajisjet e nevojshme n\u00eb rast emergjence.<\/li>\n<\/ul>\n\n\n\n<h3 class=\"wp-block-heading\">P\u00ebrfundim<\/h3>\n\n\n\n<p>N\u00eb vitin 2026, <strong>\u00e7mimet p\u00ebr makina me qira n\u00eb Shqip\u00ebri<\/strong> mbeten t\u00eb arsyeshme dhe shum\u00eb konkurruese n\u00eb krahasim me vendet e tjera t\u00eb Ballkanit. Zgjedhja e kompanive t\u00eb besueshme si <strong>Rent Car Tirana<\/strong> ju garanton transparenc\u00eb, \u00e7mime t\u00eb drejta dhe sh\u00ebrbim profesional. Pavar\u00ebsisht n\u00ebse udh\u00ebtoni p\u00ebr pushime apo p\u00ebr pun\u00eb, nj\u00eb makin\u00eb me qira \u00ebsht\u00eb m\u00ebnyra m\u00eb komode dhe fleksib\u00ebl p\u00ebr t\u00eb zbuluar bukurit\u00eb e Shqip\u00ebris\u00eb.<\/p>\n\n\n\n<p><strong>Gati p\u00ebr udh\u00ebtimin tuaj?<\/strong> Shikoni ofertat tona p\u00ebr <a href=\"https:\/\/rentcartirana.com\/sq\/\">makina me qira n\u00eb Tiran\u00eb<\/a> dhe nisni aventur\u00ebn tuaj sot!<\/p>\n","protected":false},"excerpt":{"rendered":"<p>N\u00ebse po planifikoni nj\u00eb udh\u00ebtim n\u00eb Shqip\u00ebri k\u00ebt\u00eb vit, nj\u00eb nga pyetjet m\u00eb t\u00eb zakonshme q\u00eb shfaqet \u00ebsht\u00eb: \u201cSa kushton makina me qira n\u00eb Shqip\u00ebri?\u201d. \u00c7mimet p\u00ebr makina me qira kan\u00eb ndryshuar ndjesh\u00ebm krahasuar me vitet e kaluara, fal\u00eb rritjes s\u00eb turizmit dhe ofertave m\u00eb fleksib\u00ebl q\u00eb ofrojn\u00eb kompanit\u00eb lokale si Rent Car Tirana. N\u00eb [&hellip;]<\/p>\n","protected":false},"author":3,"featured_media":2182,"comment_status":"closed","ping_status":"closed","sticky":false,"template":"","format":"standard","meta":{"footnotes":""},"categories":[11],"tags":[],"class_list":["post-1816","post","type-post","status-publish","format-standard","has-post-thumbnail","hentry","category-uncategorized-sq"],"_links":{"self":[{"href":"https:\/\/rentcartirana.com\/sq\/wp-json\/wp\/v2\/posts\/1816","targetHints":{"allow":["GET"]}}],"collection":[{"href":"https:\/\/rentcartirana.com\/sq\/wp-json\/wp\/v2\/posts"}],"about":[{"href":"https:\/\/rentcartirana.com\/sq\/wp-json\/wp\/v2\/types\/post"}],"author":[{"embeddable":true,"href":"https:\/\/rentcartirana.com\/sq\/wp-json\/wp\/v2\/users\/3"}],"replies":[{"embeddable":true,"href":"https:\/\/rentcartirana.com\/sq\/wp-json\/wp\/v2\/comments?post=1816"}],"version-history":[{"count":6,"href":"https:\/\/rentcartirana.com\/sq\/wp-json\/wp\/v2\/posts\/1816\/revisions"}],"predecessor-version":[{"id":2598,"href":"https:\/\/rentcartirana.com\/sq\/wp-json\/wp\/v2\/posts\/1816\/revisions\/2598"}],"wp:featuredmedia":[{"embeddable":true,"href":"https:\/\/rentcartirana.com\/sq\/wp-json\/wp\/v2\/media\/2182"}],"wp:attachment":[{"href":"https:\/\/rentcartirana.com\/sq\/wp-json\/wp\/v2\/media?parent=1816"}],"wp:term":[{"taxonomy":"category","embeddable":true,"href":"https:\/\/rentcartirana.com\/sq\/wp-json\/wp\/v2\/categories?post=1816"},{"taxonomy":"post_tag","embeddable":true,"href":"https:\/\/rentcartirana.com\/sq\/wp-json\/wp\/v2\/tags?post=1816"}],"curies":[{"name":"wp","href":"https:\/\/api.w.org\/{rel}","templated":true}]}}