{"id":1820,"date":"2025-06-30T08:27:23","date_gmt":"2025-06-30T08:27:23","guid":{"rendered":"https:\/\/rentcartirana.com\/?p=1820"},"modified":"2026-04-15T12:46:19","modified_gmt":"2026-04-15T12:46:19","slug":"rent-a-car-tirana-harta-parkimeve","status":"publish","type":"post","link":"https:\/\/rentcartirana.com\/sq\/rent-a-car-tirana-harta-parkimeve\/","title":{"rendered":"Harta e Parkimit n\u00eb Tiran\u00eb dhe Qytetet Kryesore n\u00eb Shqip\u00ebri"},"content":{"rendered":"\n<p>N\u00ebse po planifikoni t\u00eb merrni nj\u00eb makin\u00eb me qira n\u00eb Shqip\u00ebri, nj\u00eb nga sfidat m\u00eb t\u00eb zakonshme \u00ebsht\u00eb gjetja e parkimit t\u00eb p\u00ebrshtatsh\u00ebm, sidomos n\u00eb qytetet e m\u00ebdha si Tirana, Durr\u00ebsi, Vlora apo Shkodra. Ky udh\u00ebzues i plot\u00eb \u00ebsht\u00eb krijuar p\u00ebr t\u2019ju ndihmuar t\u00eb kuptoni se ku mund t\u00eb parkoni falas, ku duhet t\u00eb paguani dhe cilat zona \u00ebsht\u00eb mir\u00eb t\u2019i shmangni.<\/p>\n\n\n\n<style>\n.tp*{box-sizing:border-box;margin:0;padding:0;}\n.tp{font-family:-apple-system,BlinkMacSystemFont,'Segoe UI',sans-serif;background:#fff;border:1px solid #DDE4ED;border-radius:14px;overflow:hidden;max-width:780px;margin:36px auto;}\n.tp__head{background:#1B2A4A;padding:15px 20px;display:flex;align-items:center;justify-content:space-between;flex-wrap:wrap;gap:10px;}\n.tp__title{color:#fff;font-size:14px;font-weight:700;display:flex;align-items:center;gap:8px;}\n.tp__zones{display:flex;gap:8px;flex-wrap:wrap;}\n.tp__zone{padding:5px 10px;border-radius:6px;font-size:11px;font-weight:700;line-height:1.2;text-align:center;}\n.tp__zone span{display:block;font-size:9px;font-weight:500;margin-top:2px;opacity:0.85;}\n.tp__zone--a{background:#F5A623;color:#1B2A4A;}\n.tp__zone--b{background:#2C4A7A;color:#fff;}\n.tp__zone--c{background:#3D6B9F;color:#fff;}\n.tp__zone--free{background:#1A5C3A;color:#fff;}\n.tp__body{display:flex;min-height:320px;}\n.tp__map{flex:0 0 54%;position:relative;}\n.tp__map iframe{width:100%;height:100%;min-height:320px;border:0;display:block;}\n.tp__list{flex:1;border-left:1px solid #DDE4ED;overflow-y:auto;max-height:320px;}\n.tp__item{padding:10px 14px;border-bottom:0.5px solid #DDE4ED;cursor:default;}\n.tp__item:last-child{border-bottom:none;}\n.tp__item-name{font-size:12px;font-weight:700;color:#1B2A4A;margin-bottom:3px;display:flex;align-items:center;gap:6px;}\n.tp__dot{width:8px;height:8px;border-radius:50%;flex-shrink:0;}\n.tp__dot--a{background:#F5A623;}\n.tp__dot--b{background:#2C4A7A;}\n.tp__dot--c{background:#3D6B9F;}\n.tp__dot--free{background:#1A5C3A;}\n.tp__item-desc{font-size:11px;color:#5A6A7E;line-height:1.45;}\n.tp__sms{background:#F8FAFC;border-top:1px solid #DDE4ED;padding:12px 16px;display:flex;align-items:flex-start;gap:10px;}\n.tp__sms-icon{background:#1B2A4A;color:#fff;border-radius:6px;padding:5px 8px;font-size:10px;font-weight:700;flex-shrink:0;margin-top:1px;}\n.tp__sms-text{font-size:11.5px;color:#1B2A4A;line-height:1.5;}\n.tp__sms-text strong{color:#1B2A4A;font-weight:700;}\n.tp__footer{background:#F8FAFC;border-top:1px solid #DDE4ED;padding:11px 18px;display:flex;align-items:center;justify-content:space-between;flex-wrap:wrap;gap:8px;}\n.tp__footer-text{font-size:12.5px;color:#1B2A4A;font-weight:500;}\n.tp__btn{background:#F5A623;color:#1B2A4A;text-decoration:none;padding:8px 18px;border-radius:8px;font-size:12.5px;font-weight:700;display:inline-block;transition:background .15s;}\n.tp__btn:hover{background:#E8970F;color:#1B2A4A;text-decoration:none;}\n@media(max-width:580px){\n  .tp__body{flex-direction:column;}\n  .tp__map{flex:none;}\n  .tp__map iframe{min-height:220px;}\n  .tp__list{max-height:none;border-left:none;border-top:1px solid #DDE4ED;}\n  .tp__head{flex-direction:column;align-items:flex-start;}\n  .tp__footer{flex-direction:column;align-items:stretch;}\n  .tp__btn{text-align:center;}\n}\n<\/style>\n\n<div class=\"tp\" role=\"region\" aria-label=\"Harta e parkimit n\u00eb Tiran\u00eb\">\n\n  <div class=\"tp__head\">\n    <div class=\"tp__title\">\n      <svg width=\"15\" height=\"15\" viewBox=\"0 0 24 24\" fill=\"none\" stroke=\"#F5A623\" stroke-width=\"2.5\" stroke-linecap=\"round\" stroke-linejoin=\"round\"><path d=\"M21 10c0 7-9 13-9 13s-9-6-9-13a9 9 0 0118 0z\"\/><circle cx=\"12\" cy=\"10\" r=\"3\"\/><\/svg>\n      Harta e Parkimit n\u00eb Tiran\u00eb\n    <\/div>\n    <div class=\"tp__zones\">\n      <div class=\"tp__zone tp__zone--a\">Zona A<span>100 Lek\u00eb\/or\u00eb<\/span><\/div>\n      <div class=\"tp__zone tp__zone--b\">Zona B<span>40 Lek\u00eb\/or\u00eb<\/span><\/div>\n      <div class=\"tp__zone tp__zone--c\">Zona C<span>20 Lek\u00eb\/or\u00eb<\/span><\/div>\n      <div class=\"tp__zone tp__zone--free\">Falas<span>t\u00eb dielave<\/span><\/div>\n    <\/div>\n  <\/div>\n\n  <div class=\"tp__body\">\n\n    <div class=\"tp__map\">\n      <iframe\n        src=\"https:\/\/www.google.com\/maps\/embed?pb=!1m16!1m12!1m3!1d11985.2!2d19.8187!3d41.3275!2m3!1f0!2f0!3f0!3m2!1i1024!2i768!4f13.1!2m1!1sparking+tirana!5e0!3m2!1ssq!2s!4v1713000000000!5m2!1ssq!2s\"\n        allowfullscreen=\"\"\n        loading=\"lazy\"\n        referrerpolicy=\"no-referrer-when-downgrade\"\n        title=\"Vendet e parkimit n\u00eb qendr\u00ebn e Tiran\u00ebs\">\n      <\/iframe>\n    <\/div>\n\n    <div class=\"tp__list\">\n\n      <div class=\"tp__item\">\n        <div class=\"tp__item-name\">\n          <span class=\"tp__dot tp__dot--a\"><\/span>\n          Parkimi n\u00ebntok\u00ebsor \u2014 Sheshi Sk\u00ebnderbej\n        <\/div>\n        <div class=\"tp__item-desc\">Parkimi komunal n\u00ebntok\u00ebsor \u2014 opsioni m\u00eb i sigurt p\u00ebr qendr\u00ebn. Zona A. I ndri\u00e7uar mir\u00eb, i sigurt, hapur 24\/7.<\/div>\n      <\/div>\n\n      <div class=\"tp__item\">\n        <div class=\"tp__item-name\">\n          <span class=\"tp__dot tp__dot--a\"><\/span>\n          Toptani Shopping Center\n        <\/div>\n        <div class=\"tp__item-desc\">Parkim n\u00ebntok\u00ebsor privat pran\u00eb Sheshit Sk\u00ebnderbej. Pak m\u00eb i shtrenjt\u00eb por shum\u00eb i sigurt dhe qendror.<\/div>\n      <\/div>\n\n      <div class=\"tp__item\">\n        <div class=\"tp__item-name\">\n          <span class=\"tp__dot tp__dot--b\"><\/span>\n          Stadiumi Air Albania\n        <\/div>\n        <div class=\"tp__item-desc\">Rruga Lek Dukagjini \u2014 shum\u00eb vende parkimi, \u00e7mime Zona B. Qasje e mir\u00eb n\u00eb Bllok me k\u00ebmb\u00eb.<\/div>\n      <\/div>\n\n      <div class=\"tp__item\">\n        <div class=\"tp__item-name\">\n          <span class=\"tp__dot tp__dot--b\"><\/span>\n          Blloku \u2014 Rr. Abdyl Frash\u00ebri\n        <\/div>\n        <div class=\"tp__item-desc\">Parkim me pages\u00eb af\u00ebr bareve dhe restoranteve. Zona B. Mbushet shpejt n\u00eb mbr\u00ebmje \u2014 vini her\u00ebt.<\/div>\n      <\/div>\n\n      <div class=\"tp__item\">\n        <div class=\"tp__item-name\">\n          <span class=\"tp__dot tp__dot--c\"><\/span>\n          Rruga e Elbasanit\n        <\/div>\n        <div class=\"tp__item-desc\">Parkim n\u00eb rrug\u00eb dhe parcela private. Zona C \u2014 m\u00eb i lir\u00eb se qendra. I mir\u00eb p\u00ebr q\u00ebndrime m\u00eb t\u00eb gjata.<\/div>\n      <\/div>\n\n      <div class=\"tp__item\">\n        <div class=\"tp__item-name\">\n          <span class=\"tp__dot tp__dot--free\"><\/span>\n          Liqeni Artificial \u2014 Parku i Madh\n        <\/div>\n        <div class=\"tp__item-desc\">Parkim falas pran\u00eb liqenit dhe kopshtit zoologjik. Ideal p\u00ebr familjet. I qet\u00eb dhe pa rr\u00ebmuj\u00eb.<\/div>\n      <\/div>\n\n    <\/div>\n  <\/div>\n\n  <div class=\"tp__sms\">\n    <div class=\"tp__sms-icon\">SMS<\/div>\n    <div class=\"tp__sms-text\">\n      <strong>Si t\u00eb paguani parkimin n\u00eb rrug\u00eb:<\/strong> D\u00ebrgoni targ\u00ebn e makin\u00ebs n\u00eb <strong>53155<\/strong>. Orari me pages\u00eb: 08:00\u201320:00 dit\u00ebt e jav\u00ebs. <strong>Falas t\u00eb dielave<\/strong> dhe pas or\u00ebs 20:00. Mbani telefonin me kredi \u2014 do t\u00eb merrni SMS konfirmimi.\n    <\/div>\n  <\/div>\n\n  <div class=\"tp__footer\">\n    <span class=\"tp__footer-text\">Keni nevoj\u00eb p\u00ebr makin\u00eb me qira n\u00eb Tiran\u00eb?<\/span>\n    <a href=\"https:\/\/rentcartirana.com\/sq\/rezervo\/\" class=\"tp__btn\">Rezervo Tani \u2192<\/a>\n  <\/div>\n\n<\/div>\n\n\n\n<h2 class=\"wp-block-heading\">Parkimi n\u00eb Tiran\u00eb<\/h2>\n\n\n\n<p><strong>Zonat m\u00eb t\u00eb mira p\u00ebr parkim:<\/strong><\/p>\n\n\n\n<ul class=\"wp-block-list\">\n<li><strong>Rreth Stadiumit Air Albania (Rruga Lek Dukagjini):<\/strong> shum\u00eb vende parkimi dhe \u00e7mime t\u00eb arsyeshme.<\/li>\n\n\n\n<li><strong>Rruga e Elbasanit:<\/strong> mund t\u00eb gjeni parkim p\u00ebrgjat\u00eb rrug\u00ebs dhe n\u00eb parkime private.<\/li>\n\n\n\n<li><strong>N\u00ebn zon\u00ebn e Bllokut (Rruga Abdyl Frash\u00ebri):<\/strong> parkim me pages\u00eb, por i sigurt dhe af\u00ebr bareve e restoranteve.<\/li>\n<\/ul>\n\n\n\n<p><strong>Si funksionon parkimi me SMS:<\/strong><\/p>\n\n\n\n<ul class=\"wp-block-list\">\n<li>D\u00ebrgoni nj\u00eb SMS me targ\u00ebn e makin\u00ebs n\u00eb <strong>53155<\/strong><\/li>\n\n\n\n<li>\u00c7mimi: <strong>40\u2013100 Lek\u00eb n\u00eb or\u00eb<\/strong> (n\u00eb var\u00ebsi t\u00eb zon\u00ebs)<\/li>\n\n\n\n<li>Orari i parkimit me pages\u00eb: <strong>08:00 \u2013 20:00<\/strong> (falas t\u00eb dielave)<\/li>\n<\/ul>\n\n\n\n<p><strong>Zonat q\u00eb duhet t\u2019i shmangni:<\/strong><\/p>\n\n\n\n<ul class=\"wp-block-list\">\n<li><strong>Qendra e qytetit (Rr. Myslym Shyri, Rr. Barrikadave, Rr. Kavaj\u00ebs)<\/strong> \u2013 shum\u00eb e mbingarkuar, v\u00ebshtir\u00eb p\u00ebr t\u00eb gjetur vend parkimi<\/li>\n\n\n\n<li><strong>Rrug\u00ebt pa sinjalistik\u00eb t\u00eb qart\u00eb<\/strong> \u2013 rrezik gjobe ose bllokimi nga bashkia<\/li>\n<\/ul>\n\n\n\n<h2 class=\"wp-block-heading\">Parkimi n\u00eb Durr\u00ebs<\/h2>\n\n\n\n<ul class=\"wp-block-list\">\n<li><strong>Pran\u00eb sh\u00ebtitores Vollga<\/strong> \u2013 parkim publik me vende t\u00eb kufizuara, por af\u00ebr plazhit dhe qendr\u00ebs.<\/li>\n\n\n\n<li><strong>Zona e Currilave<\/strong> \u2013 m\u00eb e qet\u00eb, m\u00eb pak e mbushur, ideale p\u00ebr pushues.<\/li>\n\n\n\n<li><strong>Lagjet Nr. 1 dhe 4<\/strong> \u2013 zona rezidenciale me mund\u00ebsi p\u00ebr parkim n\u00eb rrug\u00eb.<\/li>\n<\/ul>\n\n\n\n<h2 class=\"wp-block-heading\">Parkimi n\u00eb Vlor\u00eb<\/h2>\n\n\n\n<ul class=\"wp-block-list\">\n<li><strong>Lungomare<\/strong> \u2013 bulevardi buz\u00eb detit me shum\u00eb vende parkimi, shumica me pages\u00eb gjat\u00eb sezonit veror.<\/li>\n\n\n\n<li><strong>Zona e Ujit t\u00eb Ftoht\u00eb<\/strong> \u2013 m\u00eb pak e mbingarkuar, e rekomanduar p\u00ebr pushues q\u00eb k\u00ebrkojn\u00eb plazhe m\u00eb t\u00eb qeta.<\/li>\n<\/ul>\n\n\n\n<h2 class=\"wp-block-heading\">Parkimi n\u00eb Shkod\u00ebr<\/h2>\n\n\n\n<ul class=\"wp-block-list\">\n<li><strong>Rreth Kalas\u00eb s\u00eb Rozaf\u00ebs<\/strong> \u2013 parkim falas p\u00ebr vizitor\u00ebt.<\/li>\n\n\n\n<li><strong>Qendra e qytetit (Rr. Kol Idromeno)<\/strong> \u2013 zon\u00eb e ngarkuar, por ka disa parkingje private me pages\u00eb.<\/li>\n\n\n\n<li><strong>Lagjet Parruc\u00eb dhe Bah\u00e7all\u00ebk<\/strong> \u2013 zona m\u00eb t\u00eb qeta p\u00ebr parkim afatgjat\u00eb.<\/li>\n<\/ul>\n\n\n\n<h2 class=\"wp-block-heading\">K\u00ebshilla t\u00eb P\u00ebrgjithshme p\u00ebr Parkim dhe Marrje Makine me Qira n\u00eb Shqip\u00ebri:<\/h2>\n\n\n\n<ul class=\"wp-block-list\">\n<li>Mos parkoni n\u00eb vija t\u00eb verdha ose n\u00eb vende t\u00eb rezervuara p\u00ebr sh\u00ebrbimet emergjente \u2013 rrezik gjobe!<\/li>\n\n\n\n<li>Mbani gjithmon\u00eb bilet\u00ebn e pages\u00ebs s\u00eb parkimit t\u00eb vendosur n\u00eb xhamin e p\u00ebrparm\u00eb.<\/li>\n\n\n\n<li>Mbani kontaktet e kompanis\u00eb s\u00eb makinave me qira n\u00eb rast se makina bllokohet.<\/li>\n<\/ul>\n\n\n\n<p><\/p>\n\n\n\n<p>Kjo guid\u00eb \u00ebsht\u00eb pjes\u00eb e angazhimit ton\u00eb n\u00eb <strong>Rent Car Tirana<\/strong> p\u00ebr t\u2019ju ndihmuar t\u00eb l\u00ebvizni lirsh\u00ebm dhe me siguri n\u00eb \u00e7do cep t\u00eb Shqip\u00ebris\u00eb. N\u00ebse d\u00ebshironi t\u00eb merrni nj\u00eb makin\u00eb me qira n\u00eb Tiran\u00eb, na kontaktoni p\u00ebr asistenc\u00eb dhe guida t\u00eb personalizuara!<\/p>\n\n\n\n<p><\/p>\n","protected":false},"excerpt":{"rendered":"<p>N\u00ebse po planifikoni t\u00eb merrni nj\u00eb makin\u00eb me qira n\u00eb Shqip\u00ebri, nj\u00eb nga sfidat m\u00eb t\u00eb zakonshme \u00ebsht\u00eb gjetja e parkimit t\u00eb p\u00ebrshtatsh\u00ebm, sidomos n\u00eb qytetet e m\u00ebdha si Tirana, Durr\u00ebsi, Vlora apo Shkodra. Ky udh\u00ebzues i plot\u00eb \u00ebsht\u00eb krijuar p\u00ebr t\u2019ju ndihmuar t\u00eb kuptoni se ku mund t\u00eb parkoni falas, ku duhet t\u00eb paguani [&hellip;]<\/p>\n","protected":false},"author":1,"featured_media":1133,"comment_status":"closed","ping_status":"closed","sticky":false,"template":"","format":"standard","meta":{"footnotes":""},"categories":[11],"tags":[],"class_list":["post-1820","post","type-post","status-publish","format-standard","has-post-thumbnail","hentry","category-uncategorized-sq"],"_links":{"self":[{"href":"https:\/\/rentcartirana.com\/sq\/wp-json\/wp\/v2\/posts\/1820","targetHints":{"allow":["GET"]}}],"collection":[{"href":"https:\/\/rentcartirana.com\/sq\/wp-json\/wp\/v2\/posts"}],"about":[{"href":"https:\/\/rentcartirana.com\/sq\/wp-json\/wp\/v2\/types\/post"}],"author":[{"embeddable":true,"href":"https:\/\/rentcartirana.com\/sq\/wp-json\/wp\/v2\/users\/1"}],"replies":[{"embeddable":true,"href":"https:\/\/rentcartirana.com\/sq\/wp-json\/wp\/v2\/comments?post=1820"}],"version-history":[{"count":2,"href":"https:\/\/rentcartirana.com\/sq\/wp-json\/wp\/v2\/posts\/1820\/revisions"}],"predecessor-version":[{"id":3274,"href":"https:\/\/rentcartirana.com\/sq\/wp-json\/wp\/v2\/posts\/1820\/revisions\/3274"}],"wp:featuredmedia":[{"embeddable":true,"href":"https:\/\/rentcartirana.com\/sq\/wp-json\/wp\/v2\/media\/1133"}],"wp:attachment":[{"href":"https:\/\/rentcartirana.com\/sq\/wp-json\/wp\/v2\/media?parent=1820"}],"wp:term":[{"taxonomy":"category","embeddable":true,"href":"https:\/\/rentcartirana.com\/sq\/wp-json\/wp\/v2\/categories?post=1820"},{"taxonomy":"post_tag","embeddable":true,"href":"https:\/\/rentcartirana.com\/sq\/wp-json\/wp\/v2\/tags?post=1820"}],"curies":[{"name":"wp","href":"https:\/\/api.w.org\/{rel}","templated":true}]}}